{"id":250,"__str__":"Despacho - despacho 03 e Parece Jur\u00eddico de 15/09/2020 por Diretoria Jur\u00eddica e Eben\u00e9zer Donadon Gardini - Advogado","link_detail_backend":"/materia/documentoacessorio/250","metadata":{},"nome":"despacho 03 e Parece Jur\u00eddico","data":"2020-09-15","autor":"Diretoria Jur\u00eddica e Eben\u00e9zer Donadon Gardini - Advogado","ementa":"","indexacao":"","arquivo":"http://sapl.vilhena.ro.leg.br/media/sapl/public/documentoacessorio/2020/250/pl_5927_despacho_3_e_parecer_juridico.pdf","data_ultima_atualizacao":"2020-09-16T11:12:32.831172-03:00","materia":33,"tipo":7}