{"id":452,"__str__":"Parecer - Despacho 03 e Parece Jur\u00eddico de 14/10/2020 por Adenilson Luiz Magalh\u00e3es - Diretor Jur\u00eddico e G\u00fcnter Schulz - Advogado","link_detail_backend":"/materia/documentoacessorio/452","metadata":{},"nome":"Despacho 03 e Parece Jur\u00eddico","data":"2020-10-14","autor":"Adenilson Luiz Magalh\u00e3es - Diretor Jur\u00eddico e G\u00fcnter Schulz - Advogado","ementa":"","indexacao":"","arquivo":"http://sapl.vilhena.ro.leg.br/media/sapl/public/documentoacessorio/2020/452/pl_5955_despacho_03_e_parecer_juridico_86.pdf","data_ultima_atualizacao":"2020-11-03T09:17:22.054692-03:00","materia":52,"tipo":6}