{"id":8891,"__str__":"Of\u00edcio - Proposi\u00e7\u00f5es Deliberadas de 03/03/2026 por Dr. Celso - Vereador Presidente","link_detail_backend":"/materia/documentoacessorio/8891","metadata":{"signs":{"arquivo":{"admin":[],"autores":[["Camara de Vereadores do Municipio de Vilhena",["2026-03-03T10:26:33-03:00","ICP-Brasil - Certificado PJ A1"]]]}}},"nome":"Proposi\u00e7\u00f5es Deliberadas","data":"2026-03-03","autor":"Dr. Celso - Vereador Presidente","ementa":"","indexacao":"","arquivo":"http://sapl.vilhena.ro.leg.br/media/sapl/public/documentoacessorio/2025/8891/oficio_019_26_-_proposicoes_deliberadas_4a_ordinaria_02_03.pdf","data_ultima_atualizacao":"2026-03-03T10:54:32.401947-03:00","materia":5205,"tipo":1}