{"id":5285,"__str__":"Projeto de Lei Ordin\u00e1ria n\u00ba 7329 de 2026","link_detail_backend":"/materia/5285","metadata":{},"numero":7329,"ano":2026,"numero_protocolo":null,"data_apresentacao":"2026-01-23","tipo_apresentacao":"E","data_publicacao":null,"numero_origem_externa":"","ano_origem_externa":null,"data_origem_externa":null,"apelido":"","dias_prazo":null,"data_fim_prazo":null,"em_tramitacao":false,"polemica":false,"objeto":"","complementar":false,"ementa":"Disp\u00f5e sobre autoriza\u00e7\u00e3o para abertura de Cr\u00e9dito Adicional Suplementar no valor de R$ 5.800.000,00  (cinco milh\u00f5es e oitocentos mil reais), no vigente Or\u00e7amento-Programa da Secretaria Municipal de Sa\u00fade - Semus, para adequa\u00e7\u00e3o or\u00e7ament\u00e1ria na continuidade nos tr\u00e2mites processuais a fim de viabilizar o repasse financeiro \u00e0 Associa\u00e7\u00e3o de Pais e Amigos dos Autistas de Vilhena e para constru\u00e7\u00e3o da Ala Pedi\u00e1trica da UPA, considerando que os valores j\u00e1 se encontram dispon\u00edveis nas respectivas contas banc\u00e1rias desta municipalidade.","indexacao":"","observacao":"","resultado":"","texto_original":"http://sapl.vilhena.ro.leg.br/media/sapl/public/materialegislativa/2026/5285/pl_7329_2026_semus_-_urgencia.pdf","data_ultima_atualizacao":"2026-03-19T08:31:38.536438-03:00","ip":"186.233.218.139","ultima_edicao":"2026-01-27T09:35:10.403731-03:00","tipo":3,"regime_tramitacao":2,"tipo_origem_externa":null,"local_origem_externa":null,"user":44,"anexadas":[],"autores":[122]}